{"id":74,"date":"2023-09-21T07:01:00","date_gmt":"2023-09-21T10:01:00","guid":{"rendered":"https:\/\/omarujo.com.br\/abordo\/?p=74"},"modified":"2023-09-22T07:03:05","modified_gmt":"2023-09-22T10:03:05","slug":"sao-paulo-boat-show-2023","status":"publish","type":"post","link":"https:\/\/omarujo.com.br\/abordo\/nautica\/sao-paulo-boat-show-2023\/","title":{"rendered":"S\u00e3o Paulo Boat Show 2023"},"content":{"rendered":"\n<p>A pr\u00f3xima edi\u00e7\u00e3o S\u00e3o Paulo Boat Show de 2023!<\/p>\n\n\n\n<p>Esse ano com um verdadeiro palco de lan\u00e7amentos de embarca\u00e7\u00f5es n\u00e1uticas, com mais de 100 modelos expostos, palestras com especialistas do setor, destinos n\u00e1uticos para todos os amantes da navega\u00e7\u00e3o e Espa\u00e7o dos Desejos evidenciando o que h\u00e1 de mais luxuoso.<\/p>\n\n\n\n<p>Conta pra gente o que mais voc\u00ea quer ver nesse S\u00e3o Paulo Boat Show?<\/p>\n\n\n\n<p>\u2693\ufe0fS\u00e3o Paulo Boat Show<br>\ud83d\udcc6 21\/09 a 26\/09<br>Dia 21\/09 das 15h \u00e0s 22h<br>Dia 22 a 26\/09 das 13h \u00e0s 22h<\/p>\n\n\n\n<p>\u2693 O grande dia do S\u00e3o Paulo Boat Show! \u2693<\/p>\n\n\n\n<p>\ud83d\udccd Visite o estande, localizado no espa\u00e7o P20 da Sessa Marine.<\/p>\n\n\n\n<p>Para obter mais informa\u00e7\u00f5es, telefone: (11) 94512-0351<\/p>\n\n\n\n<figure class=\"wp-block-image size-full\"><img loading=\"lazy\" decoding=\"async\" width=\"843\" height=\"843\" src=\"https:\/\/omarujo.com.br\/abordo\/wp-content\/uploads\/2023\/09\/380706101_790851546383564_3468739614141585710_n.jpg\" alt=\"\" class=\"wp-image-75\" srcset=\"https:\/\/omarujo.com.br\/abordo\/wp-content\/uploads\/2023\/09\/380706101_790851546383564_3468739614141585710_n.jpg 843w, https:\/\/omarujo.com.br\/abordo\/wp-content\/uploads\/2023\/09\/380706101_790851546383564_3468739614141585710_n-300x300.jpg 300w, https:\/\/omarujo.com.br\/abordo\/wp-content\/uploads\/2023\/09\/380706101_790851546383564_3468739614141585710_n-150x150.jpg 150w, https:\/\/omarujo.com.br\/abordo\/wp-content\/uploads\/2023\/09\/380706101_790851546383564_3468739614141585710_n-768x768.jpg 768w\" sizes=\"auto, (max-width: 843px) 100vw, 843px\" \/><\/figure>\n","protected":false},"excerpt":{"rendered":"<p>A pr\u00f3xima edi\u00e7\u00e3o S\u00e3o Paulo Boat Show de 2023! Esse ano com um verdadeiro palco de lan\u00e7amentos de embarca\u00e7\u00f5es n\u00e1uticas, com mais de 100 modelos expostos, palestras com especialistas do setor, destinos n\u00e1uticos para todos os amantes da navega\u00e7\u00e3o e Espa\u00e7o dos Desejos evidenciando o que h\u00e1 de mais luxuoso. Conta pra gente o que [&hellip;]<\/p>\n","protected":false},"author":1,"featured_media":75,"comment_status":"closed","ping_status":"open","sticky":false,"template":"","format":"standard","meta":{"footnotes":""},"categories":[1],"tags":[],"class_list":["post-74","post","type-post","status-publish","format-standard","has-post-thumbnail","hentry","category-nautica"],"_links":{"self":[{"href":"https:\/\/omarujo.com.br\/abordo\/wp-json\/wp\/v2\/posts\/74","targetHints":{"allow":["GET"]}}],"collection":[{"href":"https:\/\/omarujo.com.br\/abordo\/wp-json\/wp\/v2\/posts"}],"about":[{"href":"https:\/\/omarujo.com.br\/abordo\/wp-json\/wp\/v2\/types\/post"}],"author":[{"embeddable":true,"href":"https:\/\/omarujo.com.br\/abordo\/wp-json\/wp\/v2\/users\/1"}],"replies":[{"embeddable":true,"href":"https:\/\/omarujo.com.br\/abordo\/wp-json\/wp\/v2\/comments?post=74"}],"version-history":[{"count":3,"href":"https:\/\/omarujo.com.br\/abordo\/wp-json\/wp\/v2\/posts\/74\/revisions"}],"predecessor-version":[{"id":78,"href":"https:\/\/omarujo.com.br\/abordo\/wp-json\/wp\/v2\/posts\/74\/revisions\/78"}],"wp:featuredmedia":[{"embeddable":true,"href":"https:\/\/omarujo.com.br\/abordo\/wp-json\/wp\/v2\/media\/75"}],"wp:attachment":[{"href":"https:\/\/omarujo.com.br\/abordo\/wp-json\/wp\/v2\/media?parent=74"}],"wp:term":[{"taxonomy":"category","embeddable":true,"href":"https:\/\/omarujo.com.br\/abordo\/wp-json\/wp\/v2\/categories?post=74"},{"taxonomy":"post_tag","embeddable":true,"href":"https:\/\/omarujo.com.br\/abordo\/wp-json\/wp\/v2\/tags?post=74"}],"curies":[{"name":"wp","href":"https:\/\/api.w.org\/{rel}","templated":true}]}}